{"id":33773,"date":"2025-05-06T14:11:41","date_gmt":"2025-05-06T13:11:41","guid":{"rendered":"https:\/\/auberge-du-cedre.com\/?p=33773"},"modified":"2025-05-06T16:10:37","modified_gmt":"2025-05-06T15:10:37","slug":"degusto-cedre","status":"publish","type":"post","link":"https:\/\/auberge-du-cedre.com\/de\/2025\/05\/06\/degusto-cedre\/","title":{"rendered":"D\u00c9GUST&#8217;\u00d4 C\u00c8DRE"},"content":{"rendered":"<div class=\"\" data-block=\"true\" data-editor=\"63kui\" data-offset-key=\"7vj1t-0-0\">\n<div class=\"_1mf _1mj\" data-offset-key=\"7vj1t-0-0\"><span data-offset-key=\"7vj1t-0-0\">2\u00e8me \u00e9dition de D\u00c9GUST&#8217;\u00d4 C\u00c8DRE !<\/span><\/div>\n<\/div>\n<div class=\"\" data-block=\"true\" data-editor=\"63kui\" data-offset-key=\"7j4d5-0-0\">\n<div class=\"_1mf _1mj\" data-offset-key=\"7j4d5-0-0\"><span data-offset-key=\"7j4d5-0-0\">\u00a0<\/span><\/div>\n<\/div>\n<div class=\"\" data-block=\"true\" data-editor=\"63kui\" data-offset-key=\"lfit-0-0\">\n<div class=\"_1mf _1mj\" data-offset-key=\"lfit-0-0\"><span data-offset-key=\"lfit-0-0\">Une soir\u00e9e D\u00e9gustation avec la Vigneronne du CH\u00c2TEAU LANCYRE autour d&#8217;un menu sp\u00e9cialement concoct\u00e9 pour l&#8217;occasion: un accord Mets et Vins pour d\u00e9couvrir les savoir-faire et mettre en valeur les produits de notre beau terroir. <\/span><\/div>\n<\/div>\n<div class=\"\" data-block=\"true\" data-editor=\"63kui\" data-offset-key=\"748g6-0-0\">\n<div class=\"_1mf _1mj\" data-offset-key=\"748g6-0-0\"><span data-offset-key=\"748g6-0-0\">Venez partager ce moment de convivialit\u00e9 \u00e0 l&#8217;Auberge du C\u00e8dre.<\/span><\/div>\n<\/div>\n<div class=\"\" data-block=\"true\" data-editor=\"63kui\" data-offset-key=\"973de-0-0\">\n<div class=\"_1mf _1mj\" data-offset-key=\"973de-0-0\"><\/div>\n<\/div>\n","protected":false},"excerpt":{"rendered":"<p>2\u00e8me \u00e9dition de D\u00c9GUST&#8217;\u00d4 C\u00c8DRE ! \u00a0 Une soir\u00e9e D\u00e9gustation avec la Vigneronne du CH\u00c2TEAU LANCYRE autour d&#8217;un menu sp\u00e9cialement concoct\u00e9 pour l&#8217;occasion: un accord Mets et Vins pour d\u00e9couvrir les savoir-faire et mettre en valeur les produits de notre beau terroir. Venez partager ce moment de convivialit\u00e9 \u00e0 l&#8217;Auberge du C\u00e8dre.<\/p>\n","protected":false},"author":6,"featured_media":33765,"comment_status":"closed","ping_status":"open","sticky":false,"template":"","format":"standard","meta":{"footnotes":""},"categories":[34],"tags":[],"class_list":["post-33773","post","type-post","status-publish","format-standard","has-post-thumbnail","hentry","category-unkategorisiert"],"yoast_head":"<!-- This site is optimized with the Yoast SEO plugin v27.5 - https:\/\/yoast.com\/product\/yoast-seo-wordpress\/ -->\n<title>D\u00c9GUST&#039;\u00d4 C\u00c8DRE - Auberge du C\u00e8dre | H\u00f4tel &amp; Restaurant en Pic Saint-Loup<\/title>\n<meta name=\"robots\" content=\"index, follow, max-snippet:-1, max-image-preview:large, max-video-preview:-1\" \/>\n<link rel=\"canonical\" href=\"https:\/\/auberge-du-cedre.com\/de\/2025\/05\/06\/degusto-cedre\/\" \/>\n<meta property=\"og:locale\" content=\"de_DE\" \/>\n<meta property=\"og:type\" content=\"article\" \/>\n<meta property=\"og:title\" content=\"D\u00c9GUST&#039;\u00d4 C\u00c8DRE - Auberge du C\u00e8dre | H\u00f4tel &amp; Restaurant en Pic Saint-Loup\" \/>\n<meta property=\"og:description\" content=\"2\u00e8me \u00e9dition de D\u00c9GUST&#8217;\u00d4 C\u00c8DRE ! \u00a0 Une soir\u00e9e D\u00e9gustation avec la Vigneronne du CH\u00c2TEAU LANCYRE autour d&#8217;un menu sp\u00e9cialement concoct\u00e9 pour l&#8217;occasion: un accord Mets et Vins pour d\u00e9couvrir les savoir-faire et mettre en valeur les produits de notre beau terroir. Venez partager ce moment de convivialit\u00e9 \u00e0 l&#8217;Auberge du C\u00e8dre.\" \/>\n<meta property=\"og:url\" content=\"https:\/\/auberge-du-cedre.com\/de\/2025\/05\/06\/degusto-cedre\/\" \/>\n<meta property=\"og:site_name\" content=\"Auberge du C\u00e8dre | H\u00f4tel &amp; Restaurant en Pic Saint-Loup\" \/>\n<meta property=\"article:publisher\" content=\"https:\/\/www.facebook.com\/aubergeducedre\" \/>\n<meta property=\"article:published_time\" content=\"2025-05-06T13:11:41+00:00\" \/>\n<meta property=\"article:modified_time\" content=\"2025-05-06T15:10:37+00:00\" \/>\n<meta property=\"og:image\" content=\"https:\/\/auberge-du-cedre.com\/wp-content\/uploads\/2025\/05\/DEGUSTOCEDRE21.jpg\" \/>\n\t<meta property=\"og:image:width\" content=\"1414\" \/>\n\t<meta property=\"og:image:height\" content=\"2000\" \/>\n\t<meta property=\"og:image:type\" content=\"image\/jpeg\" \/>\n<meta name=\"author\" content=\"Valerie Milhes\" \/>\n<meta name=\"twitter:card\" content=\"summary_large_image\" \/>\n<meta name=\"twitter:label1\" content=\"Verfasst von\" \/>\n\t<meta name=\"twitter:data1\" content=\"Valerie Milhes\" \/>\n\t<meta name=\"twitter:label2\" content=\"Gesch\u00e4tzte Lesezeit\" \/>\n\t<meta name=\"twitter:data2\" content=\"1\u00a0Minute\" \/>\n<script type=\"application\/ld+json\" class=\"yoast-schema-graph\">{\"@context\":\"https:\\\/\\\/schema.org\",\"@graph\":[{\"@type\":\"Article\",\"@id\":\"https:\\\/\\\/auberge-du-cedre.com\\\/de\\\/2025\\\/05\\\/06\\\/degusto-cedre\\\/#article\",\"isPartOf\":{\"@id\":\"https:\\\/\\\/auberge-du-cedre.com\\\/de\\\/2025\\\/05\\\/06\\\/degusto-cedre\\\/\"},\"author\":{\"name\":\"Valerie Milhes\",\"@id\":\"https:\\\/\\\/auberge-du-cedre.com\\\/#\\\/schema\\\/person\\\/38cffe8ce5e345896d29251c4d8fb620\"},\"headline\":\"D\u00c9GUST&#8217;\u00d4 C\u00c8DRE\",\"datePublished\":\"2025-05-06T13:11:41+00:00\",\"dateModified\":\"2025-05-06T15:10:37+00:00\",\"mainEntityOfPage\":{\"@id\":\"https:\\\/\\\/auberge-du-cedre.com\\\/de\\\/2025\\\/05\\\/06\\\/degusto-cedre\\\/\"},\"wordCount\":61,\"image\":{\"@id\":\"https:\\\/\\\/auberge-du-cedre.com\\\/de\\\/2025\\\/05\\\/06\\\/degusto-cedre\\\/#primaryimage\"},\"thumbnailUrl\":\"https:\\\/\\\/auberge-du-cedre.com\\\/wp-content\\\/uploads\\\/2025\\\/05\\\/DEGUSTOCEDRE21.jpg\",\"articleSection\":[\"Unkategorisiert\"],\"inLanguage\":\"de\"},{\"@type\":\"WebPage\",\"@id\":\"https:\\\/\\\/auberge-du-cedre.com\\\/de\\\/2025\\\/05\\\/06\\\/degusto-cedre\\\/\",\"url\":\"https:\\\/\\\/auberge-du-cedre.com\\\/de\\\/2025\\\/05\\\/06\\\/degusto-cedre\\\/\",\"name\":\"D\u00c9GUST'\u00d4 C\u00c8DRE - Auberge du C\u00e8dre | H\u00f4tel &amp; Restaurant en Pic Saint-Loup\",\"isPartOf\":{\"@id\":\"https:\\\/\\\/auberge-du-cedre.com\\\/#website\"},\"primaryImageOfPage\":{\"@id\":\"https:\\\/\\\/auberge-du-cedre.com\\\/de\\\/2025\\\/05\\\/06\\\/degusto-cedre\\\/#primaryimage\"},\"image\":{\"@id\":\"https:\\\/\\\/auberge-du-cedre.com\\\/de\\\/2025\\\/05\\\/06\\\/degusto-cedre\\\/#primaryimage\"},\"thumbnailUrl\":\"https:\\\/\\\/auberge-du-cedre.com\\\/wp-content\\\/uploads\\\/2025\\\/05\\\/DEGUSTOCEDRE21.jpg\",\"datePublished\":\"2025-05-06T13:11:41+00:00\",\"dateModified\":\"2025-05-06T15:10:37+00:00\",\"author\":{\"@id\":\"https:\\\/\\\/auberge-du-cedre.com\\\/#\\\/schema\\\/person\\\/38cffe8ce5e345896d29251c4d8fb620\"},\"breadcrumb\":{\"@id\":\"https:\\\/\\\/auberge-du-cedre.com\\\/de\\\/2025\\\/05\\\/06\\\/degusto-cedre\\\/#breadcrumb\"},\"inLanguage\":\"de\",\"potentialAction\":[{\"@type\":\"ReadAction\",\"target\":[\"https:\\\/\\\/auberge-du-cedre.com\\\/de\\\/2025\\\/05\\\/06\\\/degusto-cedre\\\/\"]}]},{\"@type\":\"ImageObject\",\"inLanguage\":\"de\",\"@id\":\"https:\\\/\\\/auberge-du-cedre.com\\\/de\\\/2025\\\/05\\\/06\\\/degusto-cedre\\\/#primaryimage\",\"url\":\"https:\\\/\\\/auberge-du-cedre.com\\\/wp-content\\\/uploads\\\/2025\\\/05\\\/DEGUSTOCEDRE21.jpg\",\"contentUrl\":\"https:\\\/\\\/auberge-du-cedre.com\\\/wp-content\\\/uploads\\\/2025\\\/05\\\/DEGUSTOCEDRE21.jpg\",\"width\":1414,\"height\":2000},{\"@type\":\"BreadcrumbList\",\"@id\":\"https:\\\/\\\/auberge-du-cedre.com\\\/de\\\/2025\\\/05\\\/06\\\/degusto-cedre\\\/#breadcrumb\",\"itemListElement\":[{\"@type\":\"ListItem\",\"position\":1,\"name\":\"Accueil\",\"item\":\"https:\\\/\\\/auberge-du-cedre.com\\\/de\\\/\"},{\"@type\":\"ListItem\",\"position\":2,\"name\":\"D\u00c9GUST&rsquo;\u00d4 C\u00c8DRE\"}]},{\"@type\":\"WebSite\",\"@id\":\"https:\\\/\\\/auberge-du-cedre.com\\\/#website\",\"url\":\"https:\\\/\\\/auberge-du-cedre.com\\\/\",\"name\":\"Auberge du C\u00e8dre | H\u00f4tel &amp; Restaurant en Pic Saint-Loup\",\"description\":\"Languedoc\",\"potentialAction\":[{\"@type\":\"SearchAction\",\"target\":{\"@type\":\"EntryPoint\",\"urlTemplate\":\"https:\\\/\\\/auberge-du-cedre.com\\\/?s={search_term_string}\"},\"query-input\":{\"@type\":\"PropertyValueSpecification\",\"valueRequired\":true,\"valueName\":\"search_term_string\"}}],\"inLanguage\":\"de\"},{\"@type\":\"Person\",\"@id\":\"https:\\\/\\\/auberge-du-cedre.com\\\/#\\\/schema\\\/person\\\/38cffe8ce5e345896d29251c4d8fb620\",\"name\":\"Valerie Milhes\",\"image\":{\"@type\":\"ImageObject\",\"inLanguage\":\"de\",\"@id\":\"https:\\\/\\\/secure.gravatar.com\\\/avatar\\\/b0922594f90ce56f3c7993555c4813d6553d1a62362cfa91ca057cc5593d2036?s=96&d=mm&r=g\",\"url\":\"https:\\\/\\\/secure.gravatar.com\\\/avatar\\\/b0922594f90ce56f3c7993555c4813d6553d1a62362cfa91ca057cc5593d2036?s=96&d=mm&r=g\",\"contentUrl\":\"https:\\\/\\\/secure.gravatar.com\\\/avatar\\\/b0922594f90ce56f3c7993555c4813d6553d1a62362cfa91ca057cc5593d2036?s=96&d=mm&r=g\",\"caption\":\"Valerie Milhes\"}}]}<\/script>\n<!-- \/ Yoast SEO plugin. -->","yoast_head_json":{"title":"D\u00c9GUST'\u00d4 C\u00c8DRE - Auberge du C\u00e8dre | H\u00f4tel &amp; Restaurant en Pic Saint-Loup","robots":{"index":"index","follow":"follow","max-snippet":"max-snippet:-1","max-image-preview":"max-image-preview:large","max-video-preview":"max-video-preview:-1"},"canonical":"https:\/\/auberge-du-cedre.com\/de\/2025\/05\/06\/degusto-cedre\/","og_locale":"de_DE","og_type":"article","og_title":"D\u00c9GUST'\u00d4 C\u00c8DRE - Auberge du C\u00e8dre | H\u00f4tel &amp; Restaurant en Pic Saint-Loup","og_description":"2\u00e8me \u00e9dition de D\u00c9GUST&#8217;\u00d4 C\u00c8DRE ! \u00a0 Une soir\u00e9e D\u00e9gustation avec la Vigneronne du CH\u00c2TEAU LANCYRE autour d&#8217;un menu sp\u00e9cialement concoct\u00e9 pour l&#8217;occasion: un accord Mets et Vins pour d\u00e9couvrir les savoir-faire et mettre en valeur les produits de notre beau terroir. Venez partager ce moment de convivialit\u00e9 \u00e0 l&#8217;Auberge du C\u00e8dre.","og_url":"https:\/\/auberge-du-cedre.com\/de\/2025\/05\/06\/degusto-cedre\/","og_site_name":"Auberge du C\u00e8dre | H\u00f4tel &amp; Restaurant en Pic Saint-Loup","article_publisher":"https:\/\/www.facebook.com\/aubergeducedre","article_published_time":"2025-05-06T13:11:41+00:00","article_modified_time":"2025-05-06T15:10:37+00:00","og_image":[{"width":1414,"height":2000,"url":"https:\/\/auberge-du-cedre.com\/wp-content\/uploads\/2025\/05\/DEGUSTOCEDRE21.jpg","type":"image\/jpeg"}],"author":"Valerie Milhes","twitter_card":"summary_large_image","twitter_misc":{"Verfasst von":"Valerie Milhes","Gesch\u00e4tzte Lesezeit":"1\u00a0Minute"},"schema":{"@context":"https:\/\/schema.org","@graph":[{"@type":"Article","@id":"https:\/\/auberge-du-cedre.com\/de\/2025\/05\/06\/degusto-cedre\/#article","isPartOf":{"@id":"https:\/\/auberge-du-cedre.com\/de\/2025\/05\/06\/degusto-cedre\/"},"author":{"name":"Valerie Milhes","@id":"https:\/\/auberge-du-cedre.com\/#\/schema\/person\/38cffe8ce5e345896d29251c4d8fb620"},"headline":"D\u00c9GUST&#8217;\u00d4 C\u00c8DRE","datePublished":"2025-05-06T13:11:41+00:00","dateModified":"2025-05-06T15:10:37+00:00","mainEntityOfPage":{"@id":"https:\/\/auberge-du-cedre.com\/de\/2025\/05\/06\/degusto-cedre\/"},"wordCount":61,"image":{"@id":"https:\/\/auberge-du-cedre.com\/de\/2025\/05\/06\/degusto-cedre\/#primaryimage"},"thumbnailUrl":"https:\/\/auberge-du-cedre.com\/wp-content\/uploads\/2025\/05\/DEGUSTOCEDRE21.jpg","articleSection":["Unkategorisiert"],"inLanguage":"de"},{"@type":"WebPage","@id":"https:\/\/auberge-du-cedre.com\/de\/2025\/05\/06\/degusto-cedre\/","url":"https:\/\/auberge-du-cedre.com\/de\/2025\/05\/06\/degusto-cedre\/","name":"D\u00c9GUST'\u00d4 C\u00c8DRE - Auberge du C\u00e8dre | H\u00f4tel &amp; Restaurant en Pic Saint-Loup","isPartOf":{"@id":"https:\/\/auberge-du-cedre.com\/#website"},"primaryImageOfPage":{"@id":"https:\/\/auberge-du-cedre.com\/de\/2025\/05\/06\/degusto-cedre\/#primaryimage"},"image":{"@id":"https:\/\/auberge-du-cedre.com\/de\/2025\/05\/06\/degusto-cedre\/#primaryimage"},"thumbnailUrl":"https:\/\/auberge-du-cedre.com\/wp-content\/uploads\/2025\/05\/DEGUSTOCEDRE21.jpg","datePublished":"2025-05-06T13:11:41+00:00","dateModified":"2025-05-06T15:10:37+00:00","author":{"@id":"https:\/\/auberge-du-cedre.com\/#\/schema\/person\/38cffe8ce5e345896d29251c4d8fb620"},"breadcrumb":{"@id":"https:\/\/auberge-du-cedre.com\/de\/2025\/05\/06\/degusto-cedre\/#breadcrumb"},"inLanguage":"de","potentialAction":[{"@type":"ReadAction","target":["https:\/\/auberge-du-cedre.com\/de\/2025\/05\/06\/degusto-cedre\/"]}]},{"@type":"ImageObject","inLanguage":"de","@id":"https:\/\/auberge-du-cedre.com\/de\/2025\/05\/06\/degusto-cedre\/#primaryimage","url":"https:\/\/auberge-du-cedre.com\/wp-content\/uploads\/2025\/05\/DEGUSTOCEDRE21.jpg","contentUrl":"https:\/\/auberge-du-cedre.com\/wp-content\/uploads\/2025\/05\/DEGUSTOCEDRE21.jpg","width":1414,"height":2000},{"@type":"BreadcrumbList","@id":"https:\/\/auberge-du-cedre.com\/de\/2025\/05\/06\/degusto-cedre\/#breadcrumb","itemListElement":[{"@type":"ListItem","position":1,"name":"Accueil","item":"https:\/\/auberge-du-cedre.com\/de\/"},{"@type":"ListItem","position":2,"name":"D\u00c9GUST&rsquo;\u00d4 C\u00c8DRE"}]},{"@type":"WebSite","@id":"https:\/\/auberge-du-cedre.com\/#website","url":"https:\/\/auberge-du-cedre.com\/","name":"Auberge du C\u00e8dre | H\u00f4tel &amp; Restaurant en Pic Saint-Loup","description":"Languedoc","potentialAction":[{"@type":"SearchAction","target":{"@type":"EntryPoint","urlTemplate":"https:\/\/auberge-du-cedre.com\/?s={search_term_string}"},"query-input":{"@type":"PropertyValueSpecification","valueRequired":true,"valueName":"search_term_string"}}],"inLanguage":"de"},{"@type":"Person","@id":"https:\/\/auberge-du-cedre.com\/#\/schema\/person\/38cffe8ce5e345896d29251c4d8fb620","name":"Valerie Milhes","image":{"@type":"ImageObject","inLanguage":"de","@id":"https:\/\/secure.gravatar.com\/avatar\/b0922594f90ce56f3c7993555c4813d6553d1a62362cfa91ca057cc5593d2036?s=96&d=mm&r=g","url":"https:\/\/secure.gravatar.com\/avatar\/b0922594f90ce56f3c7993555c4813d6553d1a62362cfa91ca057cc5593d2036?s=96&d=mm&r=g","contentUrl":"https:\/\/secure.gravatar.com\/avatar\/b0922594f90ce56f3c7993555c4813d6553d1a62362cfa91ca057cc5593d2036?s=96&d=mm&r=g","caption":"Valerie Milhes"}}]}},"_links":{"self":[{"href":"https:\/\/auberge-du-cedre.com\/de\/wp-json\/wp\/v2\/posts\/33773","targetHints":{"allow":["GET"]}}],"collection":[{"href":"https:\/\/auberge-du-cedre.com\/de\/wp-json\/wp\/v2\/posts"}],"about":[{"href":"https:\/\/auberge-du-cedre.com\/de\/wp-json\/wp\/v2\/types\/post"}],"author":[{"embeddable":true,"href":"https:\/\/auberge-du-cedre.com\/de\/wp-json\/wp\/v2\/users\/6"}],"replies":[{"embeddable":true,"href":"https:\/\/auberge-du-cedre.com\/de\/wp-json\/wp\/v2\/comments?post=33773"}],"version-history":[{"count":3,"href":"https:\/\/auberge-du-cedre.com\/de\/wp-json\/wp\/v2\/posts\/33773\/revisions"}],"predecessor-version":[{"id":33776,"href":"https:\/\/auberge-du-cedre.com\/de\/wp-json\/wp\/v2\/posts\/33773\/revisions\/33776"}],"wp:featuredmedia":[{"embeddable":true,"href":"https:\/\/auberge-du-cedre.com\/de\/wp-json\/wp\/v2\/media\/33765"}],"wp:attachment":[{"href":"https:\/\/auberge-du-cedre.com\/de\/wp-json\/wp\/v2\/media?parent=33773"}],"wp:term":[{"taxonomy":"category","embeddable":true,"href":"https:\/\/auberge-du-cedre.com\/de\/wp-json\/wp\/v2\/categories?post=33773"},{"taxonomy":"post_tag","embeddable":true,"href":"https:\/\/auberge-du-cedre.com\/de\/wp-json\/wp\/v2\/tags?post=33773"}],"curies":[{"name":"wp","href":"https:\/\/api.w.org\/{rel}","templated":true}]}}