{"id":34506,"date":"2026-03-29T12:16:25","date_gmt":"2026-03-29T11:16:25","guid":{"rendered":"https:\/\/auberge-du-cedre.com\/?p=34506"},"modified":"2026-03-29T12:17:16","modified_gmt":"2026-03-29T11:17:16","slug":"lundi-de-paques","status":"publish","type":"post","link":"https:\/\/auberge-du-cedre.com\/de\/2026\/03\/29\/lundi-de-paques\/","title":{"rendered":"Lundi de P\u00e2ques"},"content":{"rendered":"<p>Lundi 6 Avril, pour le d\u00e9jeuner, venez profiter d&#8217;une parenth\u00e8se gourmande au Restaurant.<\/p>\n<p>Pour l&#8217;occasion, un menu unique vous sera propos\u00e9 par la cuisine avec des produits de saison qui sentent bon le printemps.<\/p>\n<p>On vous attend.<\/p>\n<p>Pensez \u00e0 r\u00e9server.<\/p>\n<p>04 67 59 02 02<\/p>\n<p><a href=\"https:\/\/auberge-du-cedre.com\/reservation-restaurant\/\">Pour R\u00e9server<\/a><\/p>\n","protected":false},"excerpt":{"rendered":"<p>Lundi 6 Avril, pour le d\u00e9jeuner, venez profiter d&#8217;une parenth\u00e8se gourmande au Restaurant. Pour l&#8217;occasion, un menu unique vous sera propos\u00e9 par la cuisine avec des produits de saison qui sentent bon le printemps. On vous attend. Pensez \u00e0 r\u00e9server. 04 67 59 02 02 Pour R\u00e9server<\/p>\n","protected":false},"author":6,"featured_media":34507,"comment_status":"closed","ping_status":"open","sticky":false,"template":"","format":"standard","meta":{"footnotes":""},"categories":[34],"tags":[],"class_list":["post-34506","post","type-post","status-publish","format-standard","has-post-thumbnail","hentry","category-unkategorisiert"],"yoast_head":"<!-- This site is optimized with the Yoast SEO plugin v27.5 - https:\/\/yoast.com\/product\/yoast-seo-wordpress\/ -->\n<title>Lundi de P\u00e2ques - Auberge du C\u00e8dre | H\u00f4tel &amp; Restaurant en Pic Saint-Loup<\/title>\n<meta name=\"robots\" content=\"index, follow, max-snippet:-1, max-image-preview:large, max-video-preview:-1\" \/>\n<link rel=\"canonical\" href=\"https:\/\/auberge-du-cedre.com\/de\/2026\/03\/29\/lundi-de-paques\/\" \/>\n<meta property=\"og:locale\" content=\"de_DE\" \/>\n<meta property=\"og:type\" content=\"article\" \/>\n<meta property=\"og:title\" content=\"Lundi de P\u00e2ques - Auberge du C\u00e8dre | H\u00f4tel &amp; Restaurant en Pic Saint-Loup\" \/>\n<meta property=\"og:description\" content=\"Lundi 6 Avril, pour le d\u00e9jeuner, venez profiter d&#8217;une parenth\u00e8se gourmande au Restaurant. Pour l&#8217;occasion, un menu unique vous sera propos\u00e9 par la cuisine avec des produits de saison qui sentent bon le printemps. On vous attend. Pensez \u00e0 r\u00e9server. 04 67 59 02 02 Pour R\u00e9server\" \/>\n<meta property=\"og:url\" content=\"https:\/\/auberge-du-cedre.com\/de\/2026\/03\/29\/lundi-de-paques\/\" \/>\n<meta property=\"og:site_name\" content=\"Auberge du C\u00e8dre | H\u00f4tel &amp; Restaurant en Pic Saint-Loup\" \/>\n<meta property=\"article:publisher\" content=\"https:\/\/www.facebook.com\/aubergeducedre\" \/>\n<meta property=\"article:published_time\" content=\"2026-03-29T11:16:25+00:00\" \/>\n<meta property=\"article:modified_time\" content=\"2026-03-29T11:17:16+00:00\" \/>\n<meta property=\"og:image\" content=\"https:\/\/auberge-du-cedre.com\/wp-content\/uploads\/2026\/03\/Menu-de-Paques.jpg\" \/>\n\t<meta property=\"og:image:width\" content=\"1080\" \/>\n\t<meta property=\"og:image:height\" content=\"1350\" \/>\n\t<meta property=\"og:image:type\" content=\"image\/jpeg\" \/>\n<meta name=\"author\" content=\"Valerie Milhes\" \/>\n<meta name=\"twitter:card\" content=\"summary_large_image\" \/>\n<meta name=\"twitter:label1\" content=\"Verfasst von\" \/>\n\t<meta name=\"twitter:data1\" content=\"Valerie Milhes\" \/>\n\t<meta name=\"twitter:label2\" content=\"Gesch\u00e4tzte Lesezeit\" \/>\n\t<meta name=\"twitter:data2\" content=\"1\u00a0Minute\" \/>\n<script type=\"application\/ld+json\" class=\"yoast-schema-graph\">{\"@context\":\"https:\\\/\\\/schema.org\",\"@graph\":[{\"@type\":\"Article\",\"@id\":\"https:\\\/\\\/auberge-du-cedre.com\\\/de\\\/2026\\\/03\\\/29\\\/lundi-de-paques\\\/#article\",\"isPartOf\":{\"@id\":\"https:\\\/\\\/auberge-du-cedre.com\\\/de\\\/2026\\\/03\\\/29\\\/lundi-de-paques\\\/\"},\"author\":{\"name\":\"Valerie Milhes\",\"@id\":\"https:\\\/\\\/auberge-du-cedre.com\\\/#\\\/schema\\\/person\\\/38cffe8ce5e345896d29251c4d8fb620\"},\"headline\":\"Lundi de P\u00e2ques\",\"datePublished\":\"2026-03-29T11:16:25+00:00\",\"dateModified\":\"2026-03-29T11:17:16+00:00\",\"mainEntityOfPage\":{\"@id\":\"https:\\\/\\\/auberge-du-cedre.com\\\/de\\\/2026\\\/03\\\/29\\\/lundi-de-paques\\\/\"},\"wordCount\":48,\"image\":{\"@id\":\"https:\\\/\\\/auberge-du-cedre.com\\\/de\\\/2026\\\/03\\\/29\\\/lundi-de-paques\\\/#primaryimage\"},\"thumbnailUrl\":\"https:\\\/\\\/auberge-du-cedre.com\\\/wp-content\\\/uploads\\\/2026\\\/03\\\/Menu-de-Paques.jpg\",\"articleSection\":[\"Unkategorisiert\"],\"inLanguage\":\"de\"},{\"@type\":\"WebPage\",\"@id\":\"https:\\\/\\\/auberge-du-cedre.com\\\/de\\\/2026\\\/03\\\/29\\\/lundi-de-paques\\\/\",\"url\":\"https:\\\/\\\/auberge-du-cedre.com\\\/de\\\/2026\\\/03\\\/29\\\/lundi-de-paques\\\/\",\"name\":\"Lundi de P\u00e2ques - Auberge du C\u00e8dre | H\u00f4tel &amp; Restaurant en Pic Saint-Loup\",\"isPartOf\":{\"@id\":\"https:\\\/\\\/auberge-du-cedre.com\\\/#website\"},\"primaryImageOfPage\":{\"@id\":\"https:\\\/\\\/auberge-du-cedre.com\\\/de\\\/2026\\\/03\\\/29\\\/lundi-de-paques\\\/#primaryimage\"},\"image\":{\"@id\":\"https:\\\/\\\/auberge-du-cedre.com\\\/de\\\/2026\\\/03\\\/29\\\/lundi-de-paques\\\/#primaryimage\"},\"thumbnailUrl\":\"https:\\\/\\\/auberge-du-cedre.com\\\/wp-content\\\/uploads\\\/2026\\\/03\\\/Menu-de-Paques.jpg\",\"datePublished\":\"2026-03-29T11:16:25+00:00\",\"dateModified\":\"2026-03-29T11:17:16+00:00\",\"author\":{\"@id\":\"https:\\\/\\\/auberge-du-cedre.com\\\/#\\\/schema\\\/person\\\/38cffe8ce5e345896d29251c4d8fb620\"},\"breadcrumb\":{\"@id\":\"https:\\\/\\\/auberge-du-cedre.com\\\/de\\\/2026\\\/03\\\/29\\\/lundi-de-paques\\\/#breadcrumb\"},\"inLanguage\":\"de\",\"potentialAction\":[{\"@type\":\"ReadAction\",\"target\":[\"https:\\\/\\\/auberge-du-cedre.com\\\/de\\\/2026\\\/03\\\/29\\\/lundi-de-paques\\\/\"]}]},{\"@type\":\"ImageObject\",\"inLanguage\":\"de\",\"@id\":\"https:\\\/\\\/auberge-du-cedre.com\\\/de\\\/2026\\\/03\\\/29\\\/lundi-de-paques\\\/#primaryimage\",\"url\":\"https:\\\/\\\/auberge-du-cedre.com\\\/wp-content\\\/uploads\\\/2026\\\/03\\\/Menu-de-Paques.jpg\",\"contentUrl\":\"https:\\\/\\\/auberge-du-cedre.com\\\/wp-content\\\/uploads\\\/2026\\\/03\\\/Menu-de-Paques.jpg\",\"width\":1080,\"height\":1350},{\"@type\":\"BreadcrumbList\",\"@id\":\"https:\\\/\\\/auberge-du-cedre.com\\\/de\\\/2026\\\/03\\\/29\\\/lundi-de-paques\\\/#breadcrumb\",\"itemListElement\":[{\"@type\":\"ListItem\",\"position\":1,\"name\":\"Accueil\",\"item\":\"https:\\\/\\\/auberge-du-cedre.com\\\/de\\\/\"},{\"@type\":\"ListItem\",\"position\":2,\"name\":\"Lundi de P\u00e2ques\"}]},{\"@type\":\"WebSite\",\"@id\":\"https:\\\/\\\/auberge-du-cedre.com\\\/#website\",\"url\":\"https:\\\/\\\/auberge-du-cedre.com\\\/\",\"name\":\"Auberge du C\u00e8dre | H\u00f4tel &amp; Restaurant en Pic Saint-Loup\",\"description\":\"Languedoc\",\"potentialAction\":[{\"@type\":\"SearchAction\",\"target\":{\"@type\":\"EntryPoint\",\"urlTemplate\":\"https:\\\/\\\/auberge-du-cedre.com\\\/?s={search_term_string}\"},\"query-input\":{\"@type\":\"PropertyValueSpecification\",\"valueRequired\":true,\"valueName\":\"search_term_string\"}}],\"inLanguage\":\"de\"},{\"@type\":\"Person\",\"@id\":\"https:\\\/\\\/auberge-du-cedre.com\\\/#\\\/schema\\\/person\\\/38cffe8ce5e345896d29251c4d8fb620\",\"name\":\"Valerie Milhes\",\"image\":{\"@type\":\"ImageObject\",\"inLanguage\":\"de\",\"@id\":\"https:\\\/\\\/secure.gravatar.com\\\/avatar\\\/b0922594f90ce56f3c7993555c4813d6553d1a62362cfa91ca057cc5593d2036?s=96&d=mm&r=g\",\"url\":\"https:\\\/\\\/secure.gravatar.com\\\/avatar\\\/b0922594f90ce56f3c7993555c4813d6553d1a62362cfa91ca057cc5593d2036?s=96&d=mm&r=g\",\"contentUrl\":\"https:\\\/\\\/secure.gravatar.com\\\/avatar\\\/b0922594f90ce56f3c7993555c4813d6553d1a62362cfa91ca057cc5593d2036?s=96&d=mm&r=g\",\"caption\":\"Valerie Milhes\"}}]}<\/script>\n<!-- \/ Yoast SEO plugin. -->","yoast_head_json":{"title":"Lundi de P\u00e2ques - Auberge du C\u00e8dre | H\u00f4tel &amp; Restaurant en Pic Saint-Loup","robots":{"index":"index","follow":"follow","max-snippet":"max-snippet:-1","max-image-preview":"max-image-preview:large","max-video-preview":"max-video-preview:-1"},"canonical":"https:\/\/auberge-du-cedre.com\/de\/2026\/03\/29\/lundi-de-paques\/","og_locale":"de_DE","og_type":"article","og_title":"Lundi de P\u00e2ques - Auberge du C\u00e8dre | H\u00f4tel &amp; Restaurant en Pic Saint-Loup","og_description":"Lundi 6 Avril, pour le d\u00e9jeuner, venez profiter d&#8217;une parenth\u00e8se gourmande au Restaurant. Pour l&#8217;occasion, un menu unique vous sera propos\u00e9 par la cuisine avec des produits de saison qui sentent bon le printemps. On vous attend. Pensez \u00e0 r\u00e9server. 04 67 59 02 02 Pour R\u00e9server","og_url":"https:\/\/auberge-du-cedre.com\/de\/2026\/03\/29\/lundi-de-paques\/","og_site_name":"Auberge du C\u00e8dre | H\u00f4tel &amp; Restaurant en Pic Saint-Loup","article_publisher":"https:\/\/www.facebook.com\/aubergeducedre","article_published_time":"2026-03-29T11:16:25+00:00","article_modified_time":"2026-03-29T11:17:16+00:00","og_image":[{"width":1080,"height":1350,"url":"https:\/\/auberge-du-cedre.com\/wp-content\/uploads\/2026\/03\/Menu-de-Paques.jpg","type":"image\/jpeg"}],"author":"Valerie Milhes","twitter_card":"summary_large_image","twitter_misc":{"Verfasst von":"Valerie Milhes","Gesch\u00e4tzte Lesezeit":"1\u00a0Minute"},"schema":{"@context":"https:\/\/schema.org","@graph":[{"@type":"Article","@id":"https:\/\/auberge-du-cedre.com\/de\/2026\/03\/29\/lundi-de-paques\/#article","isPartOf":{"@id":"https:\/\/auberge-du-cedre.com\/de\/2026\/03\/29\/lundi-de-paques\/"},"author":{"name":"Valerie Milhes","@id":"https:\/\/auberge-du-cedre.com\/#\/schema\/person\/38cffe8ce5e345896d29251c4d8fb620"},"headline":"Lundi de P\u00e2ques","datePublished":"2026-03-29T11:16:25+00:00","dateModified":"2026-03-29T11:17:16+00:00","mainEntityOfPage":{"@id":"https:\/\/auberge-du-cedre.com\/de\/2026\/03\/29\/lundi-de-paques\/"},"wordCount":48,"image":{"@id":"https:\/\/auberge-du-cedre.com\/de\/2026\/03\/29\/lundi-de-paques\/#primaryimage"},"thumbnailUrl":"https:\/\/auberge-du-cedre.com\/wp-content\/uploads\/2026\/03\/Menu-de-Paques.jpg","articleSection":["Unkategorisiert"],"inLanguage":"de"},{"@type":"WebPage","@id":"https:\/\/auberge-du-cedre.com\/de\/2026\/03\/29\/lundi-de-paques\/","url":"https:\/\/auberge-du-cedre.com\/de\/2026\/03\/29\/lundi-de-paques\/","name":"Lundi de P\u00e2ques - Auberge du C\u00e8dre | H\u00f4tel &amp; Restaurant en Pic Saint-Loup","isPartOf":{"@id":"https:\/\/auberge-du-cedre.com\/#website"},"primaryImageOfPage":{"@id":"https:\/\/auberge-du-cedre.com\/de\/2026\/03\/29\/lundi-de-paques\/#primaryimage"},"image":{"@id":"https:\/\/auberge-du-cedre.com\/de\/2026\/03\/29\/lundi-de-paques\/#primaryimage"},"thumbnailUrl":"https:\/\/auberge-du-cedre.com\/wp-content\/uploads\/2026\/03\/Menu-de-Paques.jpg","datePublished":"2026-03-29T11:16:25+00:00","dateModified":"2026-03-29T11:17:16+00:00","author":{"@id":"https:\/\/auberge-du-cedre.com\/#\/schema\/person\/38cffe8ce5e345896d29251c4d8fb620"},"breadcrumb":{"@id":"https:\/\/auberge-du-cedre.com\/de\/2026\/03\/29\/lundi-de-paques\/#breadcrumb"},"inLanguage":"de","potentialAction":[{"@type":"ReadAction","target":["https:\/\/auberge-du-cedre.com\/de\/2026\/03\/29\/lundi-de-paques\/"]}]},{"@type":"ImageObject","inLanguage":"de","@id":"https:\/\/auberge-du-cedre.com\/de\/2026\/03\/29\/lundi-de-paques\/#primaryimage","url":"https:\/\/auberge-du-cedre.com\/wp-content\/uploads\/2026\/03\/Menu-de-Paques.jpg","contentUrl":"https:\/\/auberge-du-cedre.com\/wp-content\/uploads\/2026\/03\/Menu-de-Paques.jpg","width":1080,"height":1350},{"@type":"BreadcrumbList","@id":"https:\/\/auberge-du-cedre.com\/de\/2026\/03\/29\/lundi-de-paques\/#breadcrumb","itemListElement":[{"@type":"ListItem","position":1,"name":"Accueil","item":"https:\/\/auberge-du-cedre.com\/de\/"},{"@type":"ListItem","position":2,"name":"Lundi de P\u00e2ques"}]},{"@type":"WebSite","@id":"https:\/\/auberge-du-cedre.com\/#website","url":"https:\/\/auberge-du-cedre.com\/","name":"Auberge du C\u00e8dre | H\u00f4tel &amp; Restaurant en Pic Saint-Loup","description":"Languedoc","potentialAction":[{"@type":"SearchAction","target":{"@type":"EntryPoint","urlTemplate":"https:\/\/auberge-du-cedre.com\/?s={search_term_string}"},"query-input":{"@type":"PropertyValueSpecification","valueRequired":true,"valueName":"search_term_string"}}],"inLanguage":"de"},{"@type":"Person","@id":"https:\/\/auberge-du-cedre.com\/#\/schema\/person\/38cffe8ce5e345896d29251c4d8fb620","name":"Valerie Milhes","image":{"@type":"ImageObject","inLanguage":"de","@id":"https:\/\/secure.gravatar.com\/avatar\/b0922594f90ce56f3c7993555c4813d6553d1a62362cfa91ca057cc5593d2036?s=96&d=mm&r=g","url":"https:\/\/secure.gravatar.com\/avatar\/b0922594f90ce56f3c7993555c4813d6553d1a62362cfa91ca057cc5593d2036?s=96&d=mm&r=g","contentUrl":"https:\/\/secure.gravatar.com\/avatar\/b0922594f90ce56f3c7993555c4813d6553d1a62362cfa91ca057cc5593d2036?s=96&d=mm&r=g","caption":"Valerie Milhes"}}]}},"_links":{"self":[{"href":"https:\/\/auberge-du-cedre.com\/de\/wp-json\/wp\/v2\/posts\/34506","targetHints":{"allow":["GET"]}}],"collection":[{"href":"https:\/\/auberge-du-cedre.com\/de\/wp-json\/wp\/v2\/posts"}],"about":[{"href":"https:\/\/auberge-du-cedre.com\/de\/wp-json\/wp\/v2\/types\/post"}],"author":[{"embeddable":true,"href":"https:\/\/auberge-du-cedre.com\/de\/wp-json\/wp\/v2\/users\/6"}],"replies":[{"embeddable":true,"href":"https:\/\/auberge-du-cedre.com\/de\/wp-json\/wp\/v2\/comments?post=34506"}],"version-history":[{"count":2,"href":"https:\/\/auberge-du-cedre.com\/de\/wp-json\/wp\/v2\/posts\/34506\/revisions"}],"predecessor-version":[{"id":34511,"href":"https:\/\/auberge-du-cedre.com\/de\/wp-json\/wp\/v2\/posts\/34506\/revisions\/34511"}],"wp:featuredmedia":[{"embeddable":true,"href":"https:\/\/auberge-du-cedre.com\/de\/wp-json\/wp\/v2\/media\/34507"}],"wp:attachment":[{"href":"https:\/\/auberge-du-cedre.com\/de\/wp-json\/wp\/v2\/media?parent=34506"}],"wp:term":[{"taxonomy":"category","embeddable":true,"href":"https:\/\/auberge-du-cedre.com\/de\/wp-json\/wp\/v2\/categories?post=34506"},{"taxonomy":"post_tag","embeddable":true,"href":"https:\/\/auberge-du-cedre.com\/de\/wp-json\/wp\/v2\/tags?post=34506"}],"curies":[{"name":"wp","href":"https:\/\/api.w.org\/{rel}","templated":true}]}}